{"id":95,"date":"2008-10-28T14:10:53","date_gmt":"2008-10-28T14:10:53","guid":{"rendered":"http:\/\/www.interkultur-germersheim-ev.de\/main\/?p=95"},"modified":"2008-10-28T14:10:53","modified_gmt":"2008-10-28T14:10:53","slug":"kunst-im-sonntagscafe-11","status":"publish","type":"post","link":"http:\/\/www.verein-interkultur.eu\/main_neu\/?p=95","title":{"rendered":"Kunst im Sonntagscaf\u00e9"},"content":{"rendered":"<p><strong>Guacira Zagromski &#8222;Brincadeiras com cores e formas&#8220;,<br \/>\nAquarellmalerei<br \/>\nVom 7. November bis 21. Dezember 2008<\/strong><br \/>\n<strong><em>Die Er\u00f6ffnung findet in der Kultur- und Museumsnacht am Freitag, den 7. November, um 19.00 Uhr statt.<\/em><\/strong><br \/>\nSeit 1975 lebt die geb\u00fcrtige Brasilianerin mit ihrer Familie in Karlsruhe. Schon als Jugendliche malte sie ihre Gedanken, Fantasien und Tr\u00e4ume auf Papier. Im Jahr 1963 nahm sie im Rahmen einer Arbeitsgemeinschaft am Gymnasium, an dem sie zur Schule ging, an einer Kunstsausstellung teil. Ihr bevorzugter Malstil war zu dieser Zeit die abstrakte \u00d6lmalerei. In den ersten Jahren ihres Aufenthalts in Deutschland zeichnete sie haupts\u00e4chlich. Ab Ende 1980 fing sie wieder mit dem Malen an. Sie entdeckte die Aquarellmalerei f\u00fcr sich, weil diese Art von Zeichnungen mehr Leichtigkeit in den Pinselstrichen hatte und blieb ihr bis heute treu. Ihr Interesse galt zu dieser Zeit auch afrikanischen Motiven. 1990 malte sie dann einige Bilder von den Massai aus ihrer Vorstellung und begann sich zu begeistern f\u00fcr die starken Farben rot, ocker und schwarz, die Kontraste in der afrikanischen Landschaft und bei den Menschen. Sie regten ihre Fantasie an und sie begann, ihre Tr\u00e4umereien zu zeichnen. Ihre Maltechnik erlernte sie in einem VHS-Kurs und verfeinerte ihn autodidaktisch durch das Studium aus B\u00fcchern. Nach einem S\u00fcdafrikaaufenthalt im Jahr 2007 fing sie damit an, Aquarelle und Bilder in Acryl von den Massai zu malen. Die Faszination f\u00fcr die Farben der afrikanischen Landschaft, meint sie, k\u00f6nnte durchaus daher kommen, dass durch ihre Adern nicht nur brasilianisches, sondern auch afrikanisches Blut flie\u00dft. Ihre erste Ausstellung hier in Deutschland gibt einen \u00dcberblick \u00fcber ihr gesamtes Schaffen, mit dem Schwerpunkt ihrer Aquarelle aus Afrika.<br \/>\nDie Ausstellung ist bis zum 21. Dezember, sonntags von 14.00 &#8211; 18.00 Uhr ge\u00f6ffnet.<\/p>\n","protected":false},"excerpt":{"rendered":"<p>Guacira Zagromski &#8222;Brincadeiras com cores e formas&#8220;, Aquarellmalerei Vom 7. November bis 21. Dezember 2008 Die Er\u00f6ffnung findet in der Kultur- und Museumsnacht am Freitag, den 7. November, um 19.00 Uhr statt. Seit 1975 lebt die geb\u00fcrtige Brasilianerin mit ihrer &hellip; <a href=\"http:\/\/www.verein-interkultur.eu\/main_neu\/?p=95\">Weiterlesen <span class=\"meta-nav\">&rarr;<\/span><\/a><\/p>\n","protected":false},"author":6,"featured_media":0,"comment_status":"open","ping_status":"open","sticky":false,"template":"","format":"standard","meta":{"footnotes":""},"categories":[2],"tags":[],"class_list":["post-95","post","type-post","status-publish","format-standard","hentry","category-veranstaltungen"],"_links":{"self":[{"href":"http:\/\/www.verein-interkultur.eu\/main_neu\/index.php?rest_route=\/wp\/v2\/posts\/95","targetHints":{"allow":["GET"]}}],"collection":[{"href":"http:\/\/www.verein-interkultur.eu\/main_neu\/index.php?rest_route=\/wp\/v2\/posts"}],"about":[{"href":"http:\/\/www.verein-interkultur.eu\/main_neu\/index.php?rest_route=\/wp\/v2\/types\/post"}],"author":[{"embeddable":true,"href":"http:\/\/www.verein-interkultur.eu\/main_neu\/index.php?rest_route=\/wp\/v2\/users\/6"}],"replies":[{"embeddable":true,"href":"http:\/\/www.verein-interkultur.eu\/main_neu\/index.php?rest_route=%2Fwp%2Fv2%2Fcomments&post=95"}],"version-history":[{"count":0,"href":"http:\/\/www.verein-interkultur.eu\/main_neu\/index.php?rest_route=\/wp\/v2\/posts\/95\/revisions"}],"wp:attachment":[{"href":"http:\/\/www.verein-interkultur.eu\/main_neu\/index.php?rest_route=%2Fwp%2Fv2%2Fmedia&parent=95"}],"wp:term":[{"taxonomy":"category","embeddable":true,"href":"http:\/\/www.verein-interkultur.eu\/main_neu\/index.php?rest_route=%2Fwp%2Fv2%2Fcategories&post=95"},{"taxonomy":"post_tag","embeddable":true,"href":"http:\/\/www.verein-interkultur.eu\/main_neu\/index.php?rest_route=%2Fwp%2Fv2%2Ftags&post=95"}],"curies":[{"name":"wp","href":"https:\/\/api.w.org\/{rel}","templated":true}]}}