{"id":107,"date":"2009-11-01T22:11:45","date_gmt":"2009-11-01T22:11:45","guid":{"rendered":"http:\/\/www.interkultur-germersheim-ev.de\/main\/?p=107"},"modified":"2009-11-01T22:11:45","modified_gmt":"2009-11-01T22:11:45","slug":"minor-road-bei-interkultur","status":"publish","type":"post","link":"https:\/\/www.verein-interkultur.eu\/main_neu\/?p=107","title":{"rendered":"Minor Road bei Interkultur"},"content":{"rendered":"<h3>Museumsnacht &#8211; ein Zwischenstopp lohnt unbedingt<\/h3>\n<p><img src='\/bilder\/Museumsnacht_2009_Interkultur.gif' alt='Programm Museumsnacht 2009 bei Interkultur' \/><br \/>\nDie Museumsnacht bietet bei Interkultur mehrere Highlights. Die S\u00fcdpf\u00e4lzer Coverrock-Band Minor Road wird daf\u00fcr sorgen, dass den G\u00e4sten schnell warm wird.<br \/>\nDie Band schreibt \u00fcber sich:<br \/>\n&#8222;Minor Road &#8211; handgemachter Rock und Cover aus der S\u00fcdpfalz!<br \/>\nIm Winter 2006 von Lisa Walter gegr\u00fcndet, machen Lisa, Andy, Chris und Max nun schon seit Anfang 2008 zusammen Musik.<br \/>\nDabei gibt es mit Minor Road nicht nur herzhaften Coverrock, denn auch eigene, abwechslungsreiche Songs, ungew\u00f6hnliche St\u00fccke, Blues und Funk sorgen f\u00fcr gute Laune bei jedem Zuschauer!! F\u00fcr ein abwechslungsreiches Programm ist mit Minor Road auf jeden Fall gesorgt &#8230;&#8220;<br \/>\nWeitere Informationen zu Minor Road sind auf deren Homepage zu  finden unter <a href=\"http:\/\/www.minor-road.de\">www.minor-road.de<\/a>.<br \/>\nDie Ausstellung &#8222;Bilderwelten&#8220; von Marje Beisiegel findet ihren Auftakt in der Museumsnacht. Die Ausstellung wird voraussichtlich bis zum Fr\u00fchjahr im Haus Interkultur zu besichtigen sein.<br \/>\nDie in der Nordpfalz lebende K\u00fcnstlerin bannt bunte, skurile, meist fr\u00f6hliche Gestalten in Acryl. Auf den zweiten Blick laden die Werke ein, in die vieldimensionale Welt von Marje Beisiegel einzutauchen, und sich den unterschiedlichen Dimension von Zeit, Raum und Interpretationsm\u00f6glichkeiten sowie dem Dialog mit den Vorbildern Chagall, Picasso und Kandinski zu stellen.<br \/>\nDas Plakat oben  zeigt &#8222;Die Liebenden&#8220;, inspiriert von einem Werk von Marc Chagall.<br \/>\nDer aus dem Germersheimer Stadtbild nicht mehr wegzudenkende Interkultur-Kalender wird p\u00fcnktlich zur Museumsnacht fertig und kann gleich druckfrisch erworben werden!<br \/>\nFalls bei diesem vielf\u00e4ltigen Programm Hunger oder Durst aufkommen sollte &#8211; auch darauf sind wir vorbereitet: Freuen Sie sich auf K\u00e4sespie\u00dfe, Bratwurst frisch vom Grill, Brezeln, Cr\u00eapes, Caipirinha und Wein.<br \/>\nWir freuen uns auf Ihren Besuch!<br \/>\n<img src='\/bilder\/Marje_Beisiegel_Metamorphose.gif' alt='Marje Beisiegel - Metamorphose' \/><\/p>\n","protected":false},"excerpt":{"rendered":"<p>Museumsnacht &#8211; ein Zwischenstopp lohnt unbedingt Die Museumsnacht bietet bei Interkultur mehrere Highlights. Die S\u00fcdpf\u00e4lzer Coverrock-Band Minor Road wird daf\u00fcr sorgen, dass den G\u00e4sten schnell warm wird. Die Band schreibt \u00fcber sich: &#8222;Minor Road &#8211; handgemachter Rock und Cover aus &hellip; <a href=\"https:\/\/www.verein-interkultur.eu\/main_neu\/?p=107\">Weiterlesen <span class=\"meta-nav\">&rarr;<\/span><\/a><\/p>\n","protected":false},"author":3,"featured_media":0,"comment_status":"open","ping_status":"open","sticky":false,"template":"","format":"standard","meta":{"footnotes":""},"categories":[2],"tags":[],"class_list":["post-107","post","type-post","status-publish","format-standard","hentry","category-veranstaltungen"],"_links":{"self":[{"href":"https:\/\/www.verein-interkultur.eu\/main_neu\/index.php?rest_route=\/wp\/v2\/posts\/107","targetHints":{"allow":["GET"]}}],"collection":[{"href":"https:\/\/www.verein-interkultur.eu\/main_neu\/index.php?rest_route=\/wp\/v2\/posts"}],"about":[{"href":"https:\/\/www.verein-interkultur.eu\/main_neu\/index.php?rest_route=\/wp\/v2\/types\/post"}],"author":[{"embeddable":true,"href":"https:\/\/www.verein-interkultur.eu\/main_neu\/index.php?rest_route=\/wp\/v2\/users\/3"}],"replies":[{"embeddable":true,"href":"https:\/\/www.verein-interkultur.eu\/main_neu\/index.php?rest_route=%2Fwp%2Fv2%2Fcomments&post=107"}],"version-history":[{"count":0,"href":"https:\/\/www.verein-interkultur.eu\/main_neu\/index.php?rest_route=\/wp\/v2\/posts\/107\/revisions"}],"wp:attachment":[{"href":"https:\/\/www.verein-interkultur.eu\/main_neu\/index.php?rest_route=%2Fwp%2Fv2%2Fmedia&parent=107"}],"wp:term":[{"taxonomy":"category","embeddable":true,"href":"https:\/\/www.verein-interkultur.eu\/main_neu\/index.php?rest_route=%2Fwp%2Fv2%2Fcategories&post=107"},{"taxonomy":"post_tag","embeddable":true,"href":"https:\/\/www.verein-interkultur.eu\/main_neu\/index.php?rest_route=%2Fwp%2Fv2%2Ftags&post=107"}],"curies":[{"name":"wp","href":"https:\/\/api.w.org\/{rel}","templated":true}]}}