{"id":3165,"date":"2026-09-01T20:58:37","date_gmt":"2026-09-01T20:58:37","guid":{"rendered":"https:\/\/www.verein-interkultur.eu\/main_neu\/?p=3165"},"modified":"2026-09-01T20:58:37","modified_gmt":"2026-09-01T20:58:37","slug":"offene-buehne-germersheim-am-14-sep-um-20-uhr-beim-verein-interkultur","status":"publish","type":"post","link":"https:\/\/www.verein-interkultur.eu\/main_neu\/?p=3165","title":{"rendered":"Offene B\u00fchne Germersheim am 14. Sep. um 20 Uhr beim Verein Interkultur"},"content":{"rendered":"\n<p>Am Montag, 14. September, k\u00f6nnen Sie ab 20:00 Uhr wieder ein abwechslungsreiches Programm verschiedener K\u00fcnstlerinnen und K\u00fcnstler auf der Interkultur-B\u00fchne erleben.<\/p>\n\n\n\n<p>Wie immer bei der Offenen B\u00fchne sind unterschiedliche Genres vertreten, wie z.B. Singer-Songwriter, Cover-Bands, Comedians, Autor*innen&#8230; \u2013 f\u00fcr ein abwechslungsreiches Programm ist gesorgt!<\/p>\n\n\n\n<p>Der Eintritt ist frei. Die K\u00fcnstlerinnen und K\u00fcnstler freuen sich jedoch \u00fcber ein angemessenes Hutgeld.<\/p>\n\n\n\n<p><strong>Veranstaltungsort:<\/strong> Interkultur Germersheim, Reduitstra\u00dfe 10 (s\u00fcdliches Reduit im Lamotte-Park), Germersheim.<\/p>\n\n\n\n<figure class=\"wp-block-image size-large\"><a href=\"https:\/\/www.verein-interkultur.eu\/main_neu\/wp-content\/uploads\/2026\/09\/Offene-Buehne-14_09_2026.jpg\"><img loading=\"lazy\" decoding=\"async\" width=\"1024\" height=\"1024\" src=\"https:\/\/www.verein-interkultur.eu\/main_neu\/wp-content\/uploads\/2026\/09\/Offene-Buehne-14_09_2026-1024x1024.jpg\" alt=\"\" class=\"wp-image-3166\" srcset=\"https:\/\/www.verein-interkultur.eu\/main_neu\/wp-content\/uploads\/2026\/09\/Offene-Buehne-14_09_2026-1024x1024.jpg 1024w, https:\/\/www.verein-interkultur.eu\/main_neu\/wp-content\/uploads\/2026\/09\/Offene-Buehne-14_09_2026-300x300.jpg 300w, https:\/\/www.verein-interkultur.eu\/main_neu\/wp-content\/uploads\/2026\/09\/Offene-Buehne-14_09_2026-150x150.jpg 150w, https:\/\/www.verein-interkultur.eu\/main_neu\/wp-content\/uploads\/2026\/09\/Offene-Buehne-14_09_2026-768x768.jpg 768w, https:\/\/www.verein-interkultur.eu\/main_neu\/wp-content\/uploads\/2026\/09\/Offene-Buehne-14_09_2026.jpg 1080w\" sizes=\"auto, (max-width: 1024px) 100vw, 1024px\" \/><\/a><\/figure>\n","protected":false},"excerpt":{"rendered":"<p>Am Montag, 14. September, k\u00f6nnen Sie ab 20:00 Uhr wieder ein abwechslungsreiches Programm verschiedener K\u00fcnstlerinnen und K\u00fcnstler auf der Interkultur-B\u00fchne erleben. Wie immer bei der Offenen B\u00fchne sind unterschiedliche Genres vertreten, wie z.B. Singer-Songwriter, Cover-Bands, Comedians, Autor*innen&#8230; \u2013 f\u00fcr ein &hellip; <a href=\"https:\/\/www.verein-interkultur.eu\/main_neu\/?p=3165\">Weiterlesen <span class=\"meta-nav\">&rarr;<\/span><\/a><\/p>\n","protected":false},"author":7,"featured_media":0,"comment_status":"closed","ping_status":"open","sticky":false,"template":"","format":"standard","meta":{"footnotes":""},"categories":[2],"tags":[],"class_list":["post-3165","post","type-post","status-publish","format-standard","hentry","category-veranstaltungen"],"_links":{"self":[{"href":"https:\/\/www.verein-interkultur.eu\/main_neu\/index.php?rest_route=\/wp\/v2\/posts\/3165","targetHints":{"allow":["GET"]}}],"collection":[{"href":"https:\/\/www.verein-interkultur.eu\/main_neu\/index.php?rest_route=\/wp\/v2\/posts"}],"about":[{"href":"https:\/\/www.verein-interkultur.eu\/main_neu\/index.php?rest_route=\/wp\/v2\/types\/post"}],"author":[{"embeddable":true,"href":"https:\/\/www.verein-interkultur.eu\/main_neu\/index.php?rest_route=\/wp\/v2\/users\/7"}],"replies":[{"embeddable":true,"href":"https:\/\/www.verein-interkultur.eu\/main_neu\/index.php?rest_route=%2Fwp%2Fv2%2Fcomments&post=3165"}],"version-history":[{"count":1,"href":"https:\/\/www.verein-interkultur.eu\/main_neu\/index.php?rest_route=\/wp\/v2\/posts\/3165\/revisions"}],"predecessor-version":[{"id":3167,"href":"https:\/\/www.verein-interkultur.eu\/main_neu\/index.php?rest_route=\/wp\/v2\/posts\/3165\/revisions\/3167"}],"wp:attachment":[{"href":"https:\/\/www.verein-interkultur.eu\/main_neu\/index.php?rest_route=%2Fwp%2Fv2%2Fmedia&parent=3165"}],"wp:term":[{"taxonomy":"category","embeddable":true,"href":"https:\/\/www.verein-interkultur.eu\/main_neu\/index.php?rest_route=%2Fwp%2Fv2%2Fcategories&post=3165"},{"taxonomy":"post_tag","embeddable":true,"href":"https:\/\/www.verein-interkultur.eu\/main_neu\/index.php?rest_route=%2Fwp%2Fv2%2Ftags&post=3165"}],"curies":[{"name":"wp","href":"https:\/\/api.w.org\/{rel}","templated":true}]}}