{"id":3168,"date":"2026-09-02T20:57:18","date_gmt":"2026-09-02T20:57:18","guid":{"rendered":"https:\/\/www.verein-interkultur.eu\/main_neu\/?p=3168"},"modified":"2026-09-02T20:57:18","modified_gmt":"2026-09-02T20:57:18","slug":"herzliche-einladung-zum-konzert-mit-elan","status":"publish","type":"post","link":"https:\/\/www.verein-interkultur.eu\/main_neu\/?p=3168","title":{"rendered":"Herzliche Einladung zum Konzert mit El\u2019an"},"content":{"rendered":"\n<p>am 27. September 2026, ab 11 Uhr<\/p>\n\n\n\n<p>Ein Konzert im Rahmen der Interkulturellen Woche (IKW)<\/p>\n\n\n\n<p>Euch erwartet ein musikalischer Genuss mit Nesrin Goldbeck am Gesang \u2013 in f\u00fcnf Sprachen \u2013 und erstklassigen Musikern!<\/p>\n\n\n\n<p>El\u2019an:<\/p>\n\n\n\n<p>Mit einem Mix aus folkloristischen Liedern, traditionellen Rhythmen, orientalischen Ges\u00e4ngen und europ\u00e4ischen Melodien l\u00e4dt die Band El\u2019an aus Karlsruhe das Publikum zum Mitsingen, Tanzen und Chillen ein. Ihre Lieder sind selbst komponiert, ihre Texte sind fr\u00f6hlich, melancholisch und poetisch.<\/p>\n\n\n\n<p>Weltmusik, die weltumspannender kaum sein k\u00f6nnte mit Musikern, die aus unterschiedlichen Kulturen kommen und sich gemeinsam aufmachen, musikalisch rund um den Globus zu ziehen, das ist die Band El\u2019an. Der Name hat in den Sprachen der Musiker unterschiedliche Bedeutungen.<\/p>\n\n\n\n<p>Auf arabisch bedeutet EL\u2019AN \u201eder Augenblick\u201c, auf t\u00fcrkisch \u201ejetzt, noch immer\u201c und auf deutsch \u201eSchwung\u201c. Daher ist es nicht verwunderlich, wenn El\u2019an auch sprachlich um den Globus zieht, denn sie singen auf t\u00fcrkisch, arabisch, deutsch, franz\u00f6sisch und englisch.<\/p>\n\n\n\n<p>Mit ihrer B\u00fchnenpr\u00e4senz und dem Talent, sich spontan auf das Publikum einzulassen, schafften sie es bisher auf verschiedenen Events zu begeistern, u.a. Das Fest KA, Watthaldenfestival Ettlingen, Tollhaus Karlsruhe, Fest der Kulturen, Pavillon KA300, Museumsfest Schloss Karlsruhe, Stadtfestivals, Firmenevents, europ\u00e4ische Kulturtage, uvm.<\/p>\n\n\n\n<p>Die Musiker:<\/p>\n\n\n\n<p>Nesrin Goldbeck (Gesang, Fl\u00f6te), Vladimir Ivanov (Akkordeon, Keyboard), Peter G\u00f6tzmann (Schlagzeug), Roland Sch\u00e4fer (Saxophon, Gitarre) und Rainer Granzin am Piano.<\/p>\n\n\n\n<p>www.drumsanddance.de\/elan-worldmusic<\/p>\n\n\n\n<p>Es werden Getr\u00e4nke, Kaffee und evtl. Waffeln oder Fingerfood angeboten. Eigene Picknickverpflegung, Picknickdecke, Gartenstuhl&#8230; kann bei gutem Wetter gerne mitgebracht werden.<\/p>\n\n\n\n<p>Bei schlechtem Wetter findet die Veranstaltung im Haus statt.<\/p>\n\n\n\n<figure class=\"wp-block-image size-large\"><a href=\"https:\/\/www.verein-interkultur.eu\/main_neu\/wp-content\/uploads\/2026\/09\/Collage-quer2.png\"><img loading=\"lazy\" decoding=\"async\" width=\"1024\" height=\"683\" src=\"https:\/\/www.verein-interkultur.eu\/main_neu\/wp-content\/uploads\/2026\/09\/Collage-quer2-1024x683.png\" alt=\"\" class=\"wp-image-3169\" srcset=\"https:\/\/www.verein-interkultur.eu\/main_neu\/wp-content\/uploads\/2026\/09\/Collage-quer2-1024x683.png 1024w, https:\/\/www.verein-interkultur.eu\/main_neu\/wp-content\/uploads\/2026\/09\/Collage-quer2-300x200.png 300w, https:\/\/www.verein-interkultur.eu\/main_neu\/wp-content\/uploads\/2026\/09\/Collage-quer2-768x512.png 768w, https:\/\/www.verein-interkultur.eu\/main_neu\/wp-content\/uploads\/2026\/09\/Collage-quer2-450x300.png 450w, https:\/\/www.verein-interkultur.eu\/main_neu\/wp-content\/uploads\/2026\/09\/Collage-quer2.png 1536w\" sizes=\"auto, (max-width: 1024px) 100vw, 1024px\" \/><\/a><\/figure>\n","protected":false},"excerpt":{"rendered":"<p>am 27. September 2026, ab 11 Uhr Ein Konzert im Rahmen der Interkulturellen Woche (IKW) Euch erwartet ein musikalischer Genuss mit Nesrin Goldbeck am Gesang \u2013 in f\u00fcnf Sprachen \u2013 und erstklassigen Musikern! El\u2019an: Mit einem Mix aus folkloristischen Liedern, &hellip; <a href=\"https:\/\/www.verein-interkultur.eu\/main_neu\/?p=3168\">Weiterlesen <span class=\"meta-nav\">&rarr;<\/span><\/a><\/p>\n","protected":false},"author":7,"featured_media":0,"comment_status":"closed","ping_status":"open","sticky":false,"template":"","format":"standard","meta":{"footnotes":""},"categories":[2],"tags":[],"class_list":["post-3168","post","type-post","status-publish","format-standard","hentry","category-veranstaltungen"],"_links":{"self":[{"href":"https:\/\/www.verein-interkultur.eu\/main_neu\/index.php?rest_route=\/wp\/v2\/posts\/3168","targetHints":{"allow":["GET"]}}],"collection":[{"href":"https:\/\/www.verein-interkultur.eu\/main_neu\/index.php?rest_route=\/wp\/v2\/posts"}],"about":[{"href":"https:\/\/www.verein-interkultur.eu\/main_neu\/index.php?rest_route=\/wp\/v2\/types\/post"}],"author":[{"embeddable":true,"href":"https:\/\/www.verein-interkultur.eu\/main_neu\/index.php?rest_route=\/wp\/v2\/users\/7"}],"replies":[{"embeddable":true,"href":"https:\/\/www.verein-interkultur.eu\/main_neu\/index.php?rest_route=%2Fwp%2Fv2%2Fcomments&post=3168"}],"version-history":[{"count":1,"href":"https:\/\/www.verein-interkultur.eu\/main_neu\/index.php?rest_route=\/wp\/v2\/posts\/3168\/revisions"}],"predecessor-version":[{"id":3170,"href":"https:\/\/www.verein-interkultur.eu\/main_neu\/index.php?rest_route=\/wp\/v2\/posts\/3168\/revisions\/3170"}],"wp:attachment":[{"href":"https:\/\/www.verein-interkultur.eu\/main_neu\/index.php?rest_route=%2Fwp%2Fv2%2Fmedia&parent=3168"}],"wp:term":[{"taxonomy":"category","embeddable":true,"href":"https:\/\/www.verein-interkultur.eu\/main_neu\/index.php?rest_route=%2Fwp%2Fv2%2Fcategories&post=3168"},{"taxonomy":"post_tag","embeddable":true,"href":"https:\/\/www.verein-interkultur.eu\/main_neu\/index.php?rest_route=%2Fwp%2Fv2%2Ftags&post=3168"}],"curies":[{"name":"wp","href":"https:\/\/api.w.org\/{rel}","templated":true}]}}